{"id":737,"date":"2025-07-15T13:35:01","date_gmt":"2025-07-15T11:35:01","guid":{"rendered":"https:\/\/angelverein-schwandt.de\/?p=737"},"modified":"2025-07-15T13:39:54","modified_gmt":"2025-07-15T11:39:54","slug":"seefest","status":"publish","type":"post","link":"https:\/\/angelverein-schwandt.de\/?p=737","title":{"rendered":"Seefest"},"content":{"rendered":"\n<p>Am 05.07.2025 wurde in Schwandt direkt an unserem wundersch\u00f6nen See ausgiebig gefeiert. Das Seefest war von engagierten Schwandtern mit Unterst\u00fctzung durch den Angelverein und die Gemeinde organisiert. Die<a href=\"https:\/\/www.baeckerei-hatscher.de\/\"> B\u00e4ckerei Hatscher <\/a> lieferte die Br\u00f6tchen f\u00fcr die original Schwandter Kettwurst!<\/p>\n\n\n<div class=\"wp-block-image\">\n<figure class=\"alignright size-large\"><img loading=\"lazy\" decoding=\"async\" width=\"1024\" height=\"768\" src=\"https:\/\/angelverein-schwandt.de\/wp-content\/uploads\/2025\/07\/luftbild-1024x768.jpg\" alt=\"\" class=\"wp-image-741\" srcset=\"https:\/\/angelverein-schwandt.de\/wp-content\/uploads\/2025\/07\/luftbild-1024x768.jpg 1024w, https:\/\/angelverein-schwandt.de\/wp-content\/uploads\/2025\/07\/luftbild-300x225.jpg 300w, https:\/\/angelverein-schwandt.de\/wp-content\/uploads\/2025\/07\/luftbild-768x576.jpg 768w, https:\/\/angelverein-schwandt.de\/wp-content\/uploads\/2025\/07\/luftbild-1536x1152.jpg 1536w, https:\/\/angelverein-schwandt.de\/wp-content\/uploads\/2025\/07\/luftbild-2048x1536.jpg 2048w, https:\/\/angelverein-schwandt.de\/wp-content\/uploads\/2025\/07\/luftbild-1280x960.jpg 1280w\" sizes=\"auto, (max-width: 1024px) 100vw, 1024px\" \/><\/figure>\n<\/div>\n\n\n<p>Besonderer H\u00f6hepunkt war der Auftritt der Volkstanzgruppe Stavenhagen. <\/p>\n\n\n\n<figure class=\"wp-block-image size-large\"><img loading=\"lazy\" decoding=\"async\" width=\"1024\" height=\"683\" src=\"https:\/\/angelverein-schwandt.de\/wp-content\/uploads\/2025\/07\/tanzgruppe-1024x683.jpg\" alt=\"\" class=\"wp-image-738\" srcset=\"https:\/\/angelverein-schwandt.de\/wp-content\/uploads\/2025\/07\/tanzgruppe-1024x683.jpg 1024w, https:\/\/angelverein-schwandt.de\/wp-content\/uploads\/2025\/07\/tanzgruppe-300x200.jpg 300w, https:\/\/angelverein-schwandt.de\/wp-content\/uploads\/2025\/07\/tanzgruppe-768x512.jpg 768w, https:\/\/angelverein-schwandt.de\/wp-content\/uploads\/2025\/07\/tanzgruppe-1280x854.jpg 1280w, https:\/\/angelverein-schwandt.de\/wp-content\/uploads\/2025\/07\/tanzgruppe.jpg 1519w\" sizes=\"auto, (max-width: 1024px) 100vw, 1024px\" \/><figcaption class=\"wp-element-caption\">Volkstanzgruppe Stavenhagen<\/figcaption><\/figure>\n\n\n\n<p>Der Angelverein stellte sich vor und bot Magnet-Fischfang und weiteren Spa\u00df f\u00fcr die J\u00fcngsten.<\/p>\n\n\n\n<figure class=\"wp-block-image size-large\"><img loading=\"lazy\" decoding=\"async\" width=\"1024\" height=\"768\" src=\"https:\/\/angelverein-schwandt.de\/wp-content\/uploads\/2025\/07\/kinder-1-1024x768.jpg\" alt=\"\" class=\"wp-image-740\" srcset=\"https:\/\/angelverein-schwandt.de\/wp-content\/uploads\/2025\/07\/kinder-1-1024x768.jpg 1024w, https:\/\/angelverein-schwandt.de\/wp-content\/uploads\/2025\/07\/kinder-1-300x225.jpg 300w, https:\/\/angelverein-schwandt.de\/wp-content\/uploads\/2025\/07\/kinder-1-768x576.jpg 768w, https:\/\/angelverein-schwandt.de\/wp-content\/uploads\/2025\/07\/kinder-1-1536x1152.jpg 1536w, https:\/\/angelverein-schwandt.de\/wp-content\/uploads\/2025\/07\/kinder-1-1280x960.jpg 1280w, https:\/\/angelverein-schwandt.de\/wp-content\/uploads\/2025\/07\/kinder-1.jpg 2000w\" sizes=\"auto, (max-width: 1024px) 100vw, 1024px\" \/><figcaption class=\"wp-element-caption\">Kinderangeln und Riesenseifenblasen &#8211; Angelverein Schwandt<\/figcaption><\/figure>\n\n\n\n<p>DJ BrightNight aus Neubrandenburg sorgte f\u00fcr die musikalische Untermalung des Festes und f\u00fcr gute Stimmung am Abend. Einhellige Meinung aller Beteiligten: Das ruft nach Wiederholung im n\u00e4chsten Jahr!<\/p>\n","protected":false},"excerpt":{"rendered":"<p>Am 05.07.2025 wurde in Schwandt direkt an unserem wundersch\u00f6nen See ausgiebig gefeiert. Das Seefest war von engagierten Schwandtern mit Unterst\u00fctzung durch den Angelverein und die Gemeinde organisiert.<\/p>\n","protected":false},"author":1,"featured_media":741,"comment_status":"closed","ping_status":"closed","sticky":true,"template":"","format":"standard","meta":{"footnotes":""},"categories":[1],"tags":[],"class_list":["post-737","post","type-post","status-publish","format-standard","has-post-thumbnail","hentry","category-allgemein","entry"],"publishpress_future_action":{"enabled":false,"date":"2026-05-08 18:05:54","action":"change-status","newStatus":"draft","terms":[],"taxonomy":"category","extraData":[]},"publishpress_future_workflow_manual_trigger":{"enabledWorkflows":[]},"_links":{"self":[{"href":"https:\/\/angelverein-schwandt.de\/index.php?rest_route=\/wp\/v2\/posts\/737","targetHints":{"allow":["GET"]}}],"collection":[{"href":"https:\/\/angelverein-schwandt.de\/index.php?rest_route=\/wp\/v2\/posts"}],"about":[{"href":"https:\/\/angelverein-schwandt.de\/index.php?rest_route=\/wp\/v2\/types\/post"}],"author":[{"embeddable":true,"href":"https:\/\/angelverein-schwandt.de\/index.php?rest_route=\/wp\/v2\/users\/1"}],"replies":[{"embeddable":true,"href":"https:\/\/angelverein-schwandt.de\/index.php?rest_route=%2Fwp%2Fv2%2Fcomments&post=737"}],"version-history":[{"count":2,"href":"https:\/\/angelverein-schwandt.de\/index.php?rest_route=\/wp\/v2\/posts\/737\/revisions"}],"predecessor-version":[{"id":744,"href":"https:\/\/angelverein-schwandt.de\/index.php?rest_route=\/wp\/v2\/posts\/737\/revisions\/744"}],"wp:featuredmedia":[{"embeddable":true,"href":"https:\/\/angelverein-schwandt.de\/index.php?rest_route=\/wp\/v2\/media\/741"}],"wp:attachment":[{"href":"https:\/\/angelverein-schwandt.de\/index.php?rest_route=%2Fwp%2Fv2%2Fmedia&parent=737"}],"wp:term":[{"taxonomy":"category","embeddable":true,"href":"https:\/\/angelverein-schwandt.de\/index.php?rest_route=%2Fwp%2Fv2%2Fcategories&post=737"},{"taxonomy":"post_tag","embeddable":true,"href":"https:\/\/angelverein-schwandt.de\/index.php?rest_route=%2Fwp%2Fv2%2Ftags&post=737"}],"curies":[{"name":"wp","href":"https:\/\/api.w.org\/{rel}","templated":true}]}}